{"id":13647,"date":"2024-12-11T15:57:48","date_gmt":"2024-12-11T12:57:48","guid":{"rendered":"https:\/\/kibrisayna.com\/index.php\/2024\/12\/11\/basarili-teknik-adamlar-odul-alacak-brtk\/"},"modified":"2024-12-11T15:57:48","modified_gmt":"2024-12-11T12:57:48","slug":"basarili-teknik-adamlar-odul-alacak-brtk","status":"publish","type":"post","link":"https:\/\/kibrisayna.com\/index.php\/2024\/12\/11\/basarili-teknik-adamlar-odul-alacak-brtk\/","title":{"rendered":"Ba\u015far\u0131l\u0131 teknik adamlar \u00f6d\u00fcl alacak \u2013 BRTK"},"content":{"rendered":"<p> <br \/>\n<\/p>\n<div>\n<div class=\"mariselle-image-container none\">\n                <img loading=\"lazy\" decoding=\"async\" width=\"909\" height=\"960\" class=\"lazy-image\" alt=\"\" sizes=\"auto, (max-width: 909px) 100vw, 909px\" src=\"https:\/\/brtk.net\/wp-content\/uploads\/2024\/12\/11\/ANTRENORLER-LOGO.jpeg?ver=8ce3ae5b75a479e37e09ad6333460772\" srcset=\"https:\/\/brtk.net\/wp-content\/uploads\/2024\/12\/11\/ANTRENORLER-LOGO.jpeg?ver=8ce3ae5b75a479e37e09ad6333460772 909w, https:\/\/brtk.net\/wp-content\/uploads\/2024\/12\/11\/ANTRENORLER-LOGO-284x300.jpeg?ver=c5b243f001a23cf75c394e93f1fca6ba 284w, https:\/\/brtk.net\/wp-content\/uploads\/2024\/12\/11\/ANTRENORLER-LOGO-768x811.jpeg?ver=c5b243f001a23cf75c394e93f1fca6ba 768w\"\/>                            <\/div>\n<p>Kuzey K\u0131br\u0131s T\u00fcrk Futbol Antren\u00f6rleri Derne\u011fi, Aksa S\u00fcper ve Birinci, Aksa A2 S\u00fcper ve\u00a0 Birinci Lig\u2019in iki periyodunda ba\u015far\u0131l\u0131 olan teknik direkt\u00f6r ve antren\u00f6rleri \u00f6d\u00fcllendirilecek.<\/p>\n<p>Dernek lokalinde 13 Aral\u0131k Cuma\u00a0 ger\u00e7ekle\u015ftirilecek t\u00f6ren saat 12.30\u2019da ba\u015flayacak.<\/p>\n<p>Sezonun ilk t\u00f6reninde 29 teknik adam \u00f6d\u00fcl alacak.<\/p>\n<p>\u00a0<\/p>\n<\/p><\/div>\n<p><script async\n                    defer\n                    crossorigin=\"anonymous\"\n                    src=\"https:\/\/connect.facebook.net\/tr_TR\/sdk.js#xfbml=1&#038;version=v3.3\"\n            ><\/script><br \/>\n<br \/><br \/>\n<br \/><a href=\"https:\/\/brtk.net\/basarili-teknik-adamlar-odul-alacak\/\">Kaynak BRT <\/a><\/p>\n","protected":false},"excerpt":{"rendered":"<p>Kuzey K\u0131br\u0131s T\u00fcrk Futbol Antren\u00f6rleri Derne\u011fi, Aksa S\u00fcper ve Birinci, Aksa A2 S\u00fcper ve\u00a0 Birinci Lig\u2019in iki periyodunda ba\u015far\u0131l\u0131 olan teknik direkt\u00f6r ve antren\u00f6rleri \u00f6d\u00fcllendirilecek. Dernek lokalinde 13 Aral\u0131k Cuma\u00a0 ger\u00e7ekle\u015ftirilecek t\u00f6ren saat 12.30\u2019da ba\u015flayacak. Sezonun ilk t\u00f6reninde 29 teknik adam \u00f6d\u00fcl alacak. \u00a0 Kaynak BRT<\/p>\n","protected":false},"author":908,"featured_media":13648,"comment_status":"open","ping_status":"open","sticky":false,"template":"","format":"standard","meta":{"_jetpack_memberships_contains_paid_content":false,"footnotes":"","jetpack_publicize_message":"","jetpack_publicize_feature_enabled":true,"jetpack_social_post_already_shared":true,"jetpack_social_options":{"image_generator_settings":{"template":"highway","default_image_id":0,"font":"","enabled":false},"version":2}},"categories":[9],"tags":[],"class_list":["post-13647","post","type-post","status-publish","format-standard","has-post-thumbnail","hentry","category-spor"],"jetpack_publicize_connections":[],"jetpack_featured_media_url":"https:\/\/kibrisayna.com\/wp-content\/uploads\/2024\/12\/ANTRENORLER-LOGO.jpeg","jetpack_sharing_enabled":true,"_links":{"self":[{"href":"https:\/\/kibrisayna.com\/index.php\/wp-json\/wp\/v2\/posts\/13647","targetHints":{"allow":["GET"]}}],"collection":[{"href":"https:\/\/kibrisayna.com\/index.php\/wp-json\/wp\/v2\/posts"}],"about":[{"href":"https:\/\/kibrisayna.com\/index.php\/wp-json\/wp\/v2\/types\/post"}],"author":[{"embeddable":true,"href":"https:\/\/kibrisayna.com\/index.php\/wp-json\/wp\/v2\/users\/908"}],"replies":[{"embeddable":true,"href":"https:\/\/kibrisayna.com\/index.php\/wp-json\/wp\/v2\/comments?post=13647"}],"version-history":[{"count":0,"href":"https:\/\/kibrisayna.com\/index.php\/wp-json\/wp\/v2\/posts\/13647\/revisions"}],"wp:featuredmedia":[{"embeddable":true,"href":"https:\/\/kibrisayna.com\/index.php\/wp-json\/wp\/v2\/media\/13648"}],"wp:attachment":[{"href":"https:\/\/kibrisayna.com\/index.php\/wp-json\/wp\/v2\/media?parent=13647"}],"wp:term":[{"taxonomy":"category","embeddable":true,"href":"https:\/\/kibrisayna.com\/index.php\/wp-json\/wp\/v2\/categories?post=13647"},{"taxonomy":"post_tag","embeddable":true,"href":"https:\/\/kibrisayna.com\/index.php\/wp-json\/wp\/v2\/tags?post=13647"}],"curies":[{"name":"wp","href":"https:\/\/api.w.org\/{rel}","templated":true}]}}