{"id":13645,"date":"2024-12-11T15:56:44","date_gmt":"2024-12-11T12:56:44","guid":{"rendered":"https:\/\/kibrisayna.com\/index.php\/2024\/12\/11\/ikinci-elde-satislar-hizlandi\/"},"modified":"2024-12-11T15:56:44","modified_gmt":"2024-12-11T12:56:44","slug":"ikinci-elde-satislar-hizlandi","status":"publish","type":"post","link":"https:\/\/kibrisayna.com\/index.php\/2024\/12\/11\/ikinci-elde-satislar-hizlandi\/","title":{"rendered":"\u0130kinci elde sat\u0131\u015flar\u00a0h\u0131zland\u0131"},"content":{"rendered":"<p> <br \/>\n<\/p>\n<div>\n<p>\u0130kinci el \u00e7evrim i\u00e7i oto pazar\u0131nda sat\u0131\u015flar kas\u0131m ay\u0131nda ge\u00e7en y\u0131l\u0131n ayn\u0131 ay\u0131na g\u00f6re y\u00fczde 23 art\u0131\u015f g\u00f6stererek, 176 bin 921 olarak ger\u00e7ekle\u015fti.<\/p>\n<p>Indicata&#8217;n\u0131n ikinci el \u00e7evrim i\u00e7i pazar raporundan derledi\u011fi verilere g\u00f6re, ge\u00e7en ay \u00e7evrim i\u00e7i mecralarda 387 bin 998 kurumsal ilan yay\u0131nland\u0131. \u0130lan adetlerinde ekim ay\u0131na g\u00f6re y\u00fczde 12 azal\u0131\u015f g\u00f6r\u00fcl\u00fcrken, 2023 Kas\u0131m&#8217;a g\u00f6re y\u00fczde 17 art\u0131\u015f kaydedildi.<\/p>\n<p>Kas\u0131mda yay\u0131nlanan ilanlar\u0131n y\u00fczde 46&#8217;s\u0131 olan 176 bin 921 arac\u0131n sat\u0131\u015f\u0131 ger\u00e7ekle\u015fti. Sat\u0131\u015f adetlerinde ekim ay\u0131na g\u00f6re y\u00fczde 5 d\u00fc\u015f\u00fc\u015f ya\u015fan\u0131rken, ge\u00e7en senenin ayn\u0131 ay\u0131na g\u00f6re ise y\u00fczde 23 art\u0131\u015f g\u00f6zlendi.<\/p>\n<p>Y\u0131l\u0131n 11 ay\u0131nda ilan say\u0131s\u0131 y\u00fczde 9 ve sat\u0131\u015f say\u0131s\u0131 ge\u00e7en y\u0131l\u0131n ayn\u0131 d\u00f6nemine g\u00f6re y\u00fczde 11 artt\u0131.<\/p>\n<p><strong>F\u0130YAT GEL\u0130\u015eMELER\u0130<\/strong><\/p>\n<p>\u0130kinci el \u00e7evrim i\u00e7i binek ve hafif ticari ara\u00e7 pazar\u0131nda en \u00e7ok sat\u0131\u015f\u0131 yap\u0131lan ilk 35 markan\u0131n 249 modeline ait 369 bin 882 ilan\u0131n ay boyunca fiyat de\u011fi\u015fimleri incelenerek yap\u0131lan analize g\u00f6re, kas\u0131mda ikinci el \u00e7evrim i\u00e7i binek ve hafif ticari ara\u00e7 pazar\u0131nda perakende fiyatlar\u0131n bir \u00f6nceki aya g\u00f6re ortalama y\u00fczde 1 artt\u0131\u011f\u0131 g\u00f6r\u00fcld\u00fc.<\/p>\n<p>Buna g\u00f6re ikinci el ara\u00e7 fiyatlar\u0131 sene ba\u015f\u0131ndan kas\u0131m ay\u0131 sonuna kadarki s\u00fcrede yakla\u015f\u0131k y\u00fczde 8 artt\u0131.<\/p>\n<p><strong>\u0130K\u0130NC\u0130 EL ELEKTR\u0130KL\u0130 <a href=\"https:\/\/www.ntv.com.tr\/otomobil\" target=\"_blank\" rel=\"tag noopener\">OTOMOB\u0130L<\/a> SATI\u015eLARI<\/strong><\/p>\n<p>Motor tipine g\u00f6re de\u011ferlendirildi\u011finde, pazarda ge\u00e7en ay 99 bin 640 adetle en \u00e7ok dizel ara\u00e7lar sat\u0131ld\u0131.<\/p>\n<p>Dizel otomobilleri 68 bin 952 sat\u0131\u015fla benzinli, 4 bin 552 ile oto gazl\u0131 otomobiller takip etti. Hibrit otomobil sat\u0131\u015f say\u0131s\u0131 1674, elektrikli otomobil sat\u0131\u015flar\u0131 ise 2 bin 103 oldu. Kas\u0131m 2023&#8217;te 551 ikinci el elektrikli otomobil sat\u0131lm\u0131\u015ft\u0131.<\/p>\n<p>Kas\u0131mda y\u00fczde 56, y\u0131l\u0131n 11 ay\u0131nda y\u00fczde 58 pay ile 2. el \u00e7evrim i\u00e7i ara\u00e7 pazar\u0131nda en \u00e7ok dizel ara\u00e7lar\u0131n sat\u0131\u015f\u0131 ger\u00e7ekle\u015fti. Ge\u00e7en senenin 11 ay\u0131 ile kar\u015f\u0131la\u015ft\u0131r\u0131ld\u0131\u011f\u0131nda, dizel ara\u00e7 sat\u0131\u015flar\u0131n\u0131n toplam sat\u0131\u015flar i\u00e7indeki pay\u0131 y\u00fczde 5 azald\u0131.<\/p>\n<p>Elektrikli ara\u00e7 pazar\u0131nda ise sat\u0131\u015flar\u0131n ge\u00e7en senenin ayn\u0131 d\u00f6nemine g\u00f6re y\u00fczde 100 artt\u0131\u011f\u0131 g\u00f6r\u00fcld\u00fc.<\/p>\n<p><strong>SATI\u015e HIZI 32 G\u00dcN<\/strong><\/p>\n<p>\u0130kinci el \u00e7evrim i\u00e7i pazarda kas\u0131m ay\u0131nda ara\u00e7lar\u0131n ortalama sat\u0131\u015f h\u0131z\u0131 32 g\u00fcn olarak belirlendi.<\/p>\n<p>Renault marka ara\u00e7lar\u0131 28 g\u00fcn ortalama sat\u0131\u015f h\u0131z\u0131yla pazar ortalamas\u0131na g\u00f6re 4 g\u00fcn daha h\u0131zl\u0131 sat\u0131ld\u0131.<\/p>\n<\/div>\n<p><br \/>\n<br \/><a href=\"https:\/\/www.ntv.com.tr\/otomobil\/ikinci-elde-satislarhizlandi,kXm8vFXj0EG6X4gGtWRsqQ\"><\/a><\/p>\n","protected":false},"excerpt":{"rendered":"<p>\u0130kinci el \u00e7evrim i\u00e7i oto pazar\u0131nda sat\u0131\u015flar kas\u0131m ay\u0131nda ge\u00e7en y\u0131l\u0131n ayn\u0131 ay\u0131na g\u00f6re y\u00fczde 23 art\u0131\u015f g\u00f6stererek, 176 bin 921 olarak ger\u00e7ekle\u015fti. Indicata&#8217;n\u0131n ikinci el \u00e7evrim i\u00e7i pazar raporundan derledi\u011fi verilere g\u00f6re, ge\u00e7en ay \u00e7evrim i\u00e7i mecralarda 387 bin 998 kurumsal ilan yay\u0131nland\u0131. \u0130lan adetlerinde ekim ay\u0131na g\u00f6re y\u00fczde 12 azal\u0131\u015f g\u00f6r\u00fcl\u00fcrken, 2023 Kas\u0131m&#8217;a [&hellip;]<\/p>\n","protected":false},"author":908,"featured_media":13646,"comment_status":"open","ping_status":"open","sticky":false,"template":"","format":"standard","meta":{"_jetpack_memberships_contains_paid_content":false,"footnotes":"","jetpack_publicize_message":"","jetpack_publicize_feature_enabled":true,"jetpack_social_post_already_shared":true,"jetpack_social_options":{"image_generator_settings":{"template":"highway","default_image_id":0,"font":"","enabled":false},"version":2}},"categories":[13],"tags":[],"class_list":["post-13645","post","type-post","status-publish","format-standard","has-post-thumbnail","hentry","category-otomobil"],"jetpack_publicize_connections":[],"jetpack_featured_media_url":"https:\/\/kibrisayna.com\/wp-content\/uploads\/2024\/12\/HJjFrucwECz9cl-yyen3g.jpg","jetpack_sharing_enabled":true,"_links":{"self":[{"href":"https:\/\/kibrisayna.com\/index.php\/wp-json\/wp\/v2\/posts\/13645","targetHints":{"allow":["GET"]}}],"collection":[{"href":"https:\/\/kibrisayna.com\/index.php\/wp-json\/wp\/v2\/posts"}],"about":[{"href":"https:\/\/kibrisayna.com\/index.php\/wp-json\/wp\/v2\/types\/post"}],"author":[{"embeddable":true,"href":"https:\/\/kibrisayna.com\/index.php\/wp-json\/wp\/v2\/users\/908"}],"replies":[{"embeddable":true,"href":"https:\/\/kibrisayna.com\/index.php\/wp-json\/wp\/v2\/comments?post=13645"}],"version-history":[{"count":0,"href":"https:\/\/kibrisayna.com\/index.php\/wp-json\/wp\/v2\/posts\/13645\/revisions"}],"wp:featuredmedia":[{"embeddable":true,"href":"https:\/\/kibrisayna.com\/index.php\/wp-json\/wp\/v2\/media\/13646"}],"wp:attachment":[{"href":"https:\/\/kibrisayna.com\/index.php\/wp-json\/wp\/v2\/media?parent=13645"}],"wp:term":[{"taxonomy":"category","embeddable":true,"href":"https:\/\/kibrisayna.com\/index.php\/wp-json\/wp\/v2\/categories?post=13645"},{"taxonomy":"post_tag","embeddable":true,"href":"https:\/\/kibrisayna.com\/index.php\/wp-json\/wp\/v2\/tags?post=13645"}],"curies":[{"name":"wp","href":"https:\/\/api.w.org\/{rel}","templated":true}]}}