{"id":13641,"date":"2024-12-11T15:47:33","date_gmt":"2024-12-11T12:47:33","guid":{"rendered":"https:\/\/kibrisayna.com\/index.php\/2024\/12\/11\/kulturel-miras-teknik-komitesi-tarihi-kalavason-koyu-camisindeki-koruma-calismasini-tamamladi-brtk\/"},"modified":"2024-12-11T15:47:33","modified_gmt":"2024-12-11T12:47:33","slug":"kulturel-miras-teknik-komitesi-tarihi-kalavason-koyu-camisindeki-koruma-calismasini-tamamladi-brtk","status":"publish","type":"post","link":"https:\/\/kibrisayna.com\/index.php\/2024\/12\/11\/kulturel-miras-teknik-komitesi-tarihi-kalavason-koyu-camisindeki-koruma-calismasini-tamamladi-brtk\/","title":{"rendered":"K\u00fclt\u00fcrel Miras Teknik Komitesi, tarihi Kalavason K\u00f6y\u00fc Camisi\u2019ndeki koruma \u00e7al\u0131\u015fmas\u0131n\u0131 tamamlad\u0131 \u2013 BRTK"},"content":{"rendered":"<p> <br \/>\n<\/p>\n<div>\n<div class=\"mariselle-image-container none\">\n                <img loading=\"lazy\" decoding=\"async\" width=\"928\" height=\"662\" class=\"lazy-image\" alt=\"\" sizes=\"auto, (max-width: 928px) 100vw, 928px\" src=\"https:\/\/brtk.net\/wp-content\/uploads\/2024\/12\/11\/kalavason-camisi-1.jpeg?ver=7124c172e8446ccc0f8f8ac16aa4e198\" srcset=\"https:\/\/brtk.net\/wp-content\/uploads\/2024\/12\/11\/kalavason-camisi-1.jpeg?ver=7124c172e8446ccc0f8f8ac16aa4e198 928w, https:\/\/brtk.net\/wp-content\/uploads\/2024\/12\/11\/kalavason-camisi-1-300x214.jpeg?ver=fba5b31e895f3b7aae451dec066e2b75 300w, https:\/\/brtk.net\/wp-content\/uploads\/2024\/12\/11\/kalavason-camisi-1-768x548.jpeg?ver=fba5b31e895f3b7aae451dec066e2b75 768w\"\/>                            <\/div>\n<p style=\"font-weight: 300;\"><span style=\"font-weight: 300 !important;\">K\u00fclt\u00fcrel Miras Teknik Komitesi, tarihi Kalavason K\u00f6y\u00fc Camii\u2019sindeki koruma \u00e7al\u0131\u015fmas\u0131n\u0131 tamamlad\u0131.<\/span><\/p>\n<p style=\"font-weight: 300;\"><span style=\"font-weight: 300 !important;\">Cumhurba\u015fkanl\u0131\u011f\u0131 b\u00fcnyesinde \u00e7al\u0131\u015fmalar\u0131n\u0131 y\u00fcr\u00fcten \u0130ki Tarafl\u0131 K\u00fclt\u00fcrel Miras Teknik Komitesi E\u015f Ba\u015fkan\u0131 Ali Tuncay\u2019dan al\u0131nan bilgiye g\u00f6re, komitenin \u00e7al\u0131\u015fma y\u00fcr\u00fctt\u00fc\u011f\u00fc Larnaka b\u00f6lgesinde bulunan Kalavason K\u00f6y camisindeki koruma \u00e7al\u0131\u015fmas\u0131 tamamland\u0131.<\/span><\/p>\n<p style=\"font-weight: 300;\"><span style=\"font-weight: 300 !important;\">Tuncay, \u00e7al\u0131\u015fman\u0131n tamamlanmas\u0131 vesilesiyle, K\u00fclt\u00fcrel Miras Teknik Komitesi E\u015f Ba\u015fkanlar\u0131 ve Komite mensuplar\u0131, Avrupa Komisyonu, BM Genel Sekreteri\u2019nin K\u0131br\u0131s \u00d6zel Dan\u0131\u015fman\u0131 Ofisi, Birle\u015fmi\u015f Milletler Kalk\u0131nma Program\u0131 (UNDP) temsilcileri ve Kalavason k\u00f6kenli K\u0131br\u0131sl\u0131 T\u00fcrklerin kat\u0131l\u0131m\u0131yla camiye ziyaret ger\u00e7ekle\u015ftirildi\u011fini bildirdi.<\/span><\/p>\n<p style=\"font-weight: 300;\"><span style=\"font-weight: 300 !important;\">Etkinlik s\u0131ras\u0131nda kat\u0131l\u0131mc\u0131lara eserlerin tarihi ve yap\u0131lan \u00e7al\u0131\u015fmalar hakk\u0131nda teknik bilgi verildi.<\/span><\/p>\n<p style=\"font-weight: 300;\"><span style=\"font-weight: 300 !important;\">Tuncay,\u00a0<\/span><span style=\"font-weight: 300 !important;\">koruma \u00e7al\u0131\u015fmalar\u0131 \u00e7er\u00e7evesinde caminin yap\u0131sal b\u00fct\u00fcnl\u00fc\u011f\u00fcn\u00fc korurken mimari ve tarihi \u00f6nemini muhafaza etmeyi ama\u00e7layan kapsaml\u0131 m\u00fcdahaleler, alan temizli\u011fi, bitki \u00f6rt\u00fcs\u00fcn\u00fcn kald\u0131r\u0131lmas\u0131, duvarlar\u0131n s\u0131vanmas\u0131, \u00e7at\u0131n\u0131n, ah\u015fap kap\u0131lar\u0131n, pencerelerin ve minarenin kapsaml\u0131 onar\u0131mlar\u0131n\u0131n yap\u0131ld\u0131\u011f\u0131n\u0131 belirtti. Tuncay, \u00f6zellikle caminin detayl\u0131 ta\u015f i\u015f\u00e7ili\u011fi ve mimari \u00f6zelliklerinin korunmas\u0131na b\u00fcy\u00fck \u00f6zen g\u00f6sterildi\u011fini kaydetti.<\/span><\/p>\n<p style=\"font-weight: 300;\"><span style=\"font-weight: 300 !important;\">Tuncay, camideki koruma \u00e7al\u0131\u015fmas\u0131n\u0131n, Avrupa Birli\u011fi\u2019nin K\u00fclt\u00fcrel Miras Teknik Komitesi\u2019ne sa\u011flad\u0131\u011f\u0131 finansal katk\u0131yla ve UNDP\u2019nin teknik deste\u011fiyle ger\u00e7ekle\u015ftirildi\u011fini s\u00f6zlerine ekledi.<\/span><\/p>\n<p>\u00a0<\/p>\n<p>\u00a0<\/p>\n<\/p><\/div>\n<p><script async\n                    defer\n                    crossorigin=\"anonymous\"\n                    src=\"https:\/\/connect.facebook.net\/tr_TR\/sdk.js#xfbml=1&#038;version=v3.3\"\n            ><\/script><br \/>\n<br \/><br \/>\n<br \/><a href=\"https:\/\/brtk.net\/kulturel-miras-teknik-komitesi-tarihi-kalavason-koyu-camisindeki-koruma-calismasini-tamamladi\/\">Kaynak BRT <\/a><\/p>\n","protected":false},"excerpt":{"rendered":"<p>K\u00fclt\u00fcrel Miras Teknik Komitesi, tarihi Kalavason K\u00f6y\u00fc Camii\u2019sindeki koruma \u00e7al\u0131\u015fmas\u0131n\u0131 tamamlad\u0131. Cumhurba\u015fkanl\u0131\u011f\u0131 b\u00fcnyesinde \u00e7al\u0131\u015fmalar\u0131n\u0131 y\u00fcr\u00fcten \u0130ki Tarafl\u0131 K\u00fclt\u00fcrel Miras Teknik Komitesi E\u015f Ba\u015fkan\u0131 Ali Tuncay\u2019dan al\u0131nan bilgiye g\u00f6re, komitenin \u00e7al\u0131\u015fma y\u00fcr\u00fctt\u00fc\u011f\u00fc Larnaka b\u00f6lgesinde bulunan Kalavason K\u00f6y camisindeki koruma \u00e7al\u0131\u015fmas\u0131 tamamland\u0131. Tuncay, \u00e7al\u0131\u015fman\u0131n tamamlanmas\u0131 vesilesiyle, K\u00fclt\u00fcrel Miras Teknik Komitesi E\u015f Ba\u015fkanlar\u0131 ve Komite mensuplar\u0131, Avrupa Komisyonu, [&hellip;]<\/p>\n","protected":false},"author":908,"featured_media":13642,"comment_status":"open","ping_status":"open","sticky":false,"template":"","format":"standard","meta":{"_jetpack_memberships_contains_paid_content":false,"footnotes":"","jetpack_publicize_message":"","jetpack_publicize_feature_enabled":true,"jetpack_social_post_already_shared":true,"jetpack_social_options":{"image_generator_settings":{"template":"highway","default_image_id":0,"font":"","enabled":false},"version":2}},"categories":[253],"tags":[],"class_list":["post-13641","post","type-post","status-publish","format-standard","has-post-thumbnail","hentry","category-gundem"],"jetpack_publicize_connections":[],"jetpack_featured_media_url":"https:\/\/kibrisayna.com\/wp-content\/uploads\/2024\/12\/kalavason-camisi-1.jpeg","jetpack_sharing_enabled":true,"_links":{"self":[{"href":"https:\/\/kibrisayna.com\/index.php\/wp-json\/wp\/v2\/posts\/13641","targetHints":{"allow":["GET"]}}],"collection":[{"href":"https:\/\/kibrisayna.com\/index.php\/wp-json\/wp\/v2\/posts"}],"about":[{"href":"https:\/\/kibrisayna.com\/index.php\/wp-json\/wp\/v2\/types\/post"}],"author":[{"embeddable":true,"href":"https:\/\/kibrisayna.com\/index.php\/wp-json\/wp\/v2\/users\/908"}],"replies":[{"embeddable":true,"href":"https:\/\/kibrisayna.com\/index.php\/wp-json\/wp\/v2\/comments?post=13641"}],"version-history":[{"count":0,"href":"https:\/\/kibrisayna.com\/index.php\/wp-json\/wp\/v2\/posts\/13641\/revisions"}],"wp:featuredmedia":[{"embeddable":true,"href":"https:\/\/kibrisayna.com\/index.php\/wp-json\/wp\/v2\/media\/13642"}],"wp:attachment":[{"href":"https:\/\/kibrisayna.com\/index.php\/wp-json\/wp\/v2\/media?parent=13641"}],"wp:term":[{"taxonomy":"category","embeddable":true,"href":"https:\/\/kibrisayna.com\/index.php\/wp-json\/wp\/v2\/categories?post=13641"},{"taxonomy":"post_tag","embeddable":true,"href":"https:\/\/kibrisayna.com\/index.php\/wp-json\/wp\/v2\/tags?post=13641"}],"curies":[{"name":"wp","href":"https:\/\/api.w.org\/{rel}","templated":true}]}}